{"id":938,"date":"2024-03-04T12:07:00","date_gmt":"2024-03-04T12:07:00","guid":{"rendered":"http:\/\/demo.redq.io\/turbo-wp\/car\/?p=938"},"modified":"2024-06-20T12:19:05","modified_gmt":"2024-06-20T12:19:05","slug":"cu-masina-la-orhei","status":"publish","type":"post","link":"https:\/\/rentacarincyprus.com\/ro\/cu-masina-la-orhei\/","title":{"rendered":"Descoperi\u021bi frumuse\u021bea \u0219i confortul locului turistic \u201eSt\u00e2ncile Albe din Limassol\u201d"},"content":{"rendered":"<p>Dac\u0103 sunte\u021bi \u00een c\u0103utarea unei destina\u021bii de vacan\u021b\u0103 idilic\u0103 \u00een Cipru, St\u00e2ncile Albe din Limassol este alegerea perfect\u0103. Situat \u00een sudul insulei, acest complex de apartamente de lux ofer\u0103 nu numai peisaje spectaculoase, ci \u0219i acces facil la tot ce are de oferit insula, cu condi\u021bia s\u0103 ai mijloacele de transport potrivite.<\/p>\n<p>\u00cenchirierea unei ma\u0219ini este solu\u021bia ideal\u0103 pentru a v\u0103 bucura pe deplin de St\u00e2ncile Albe din Limassol \u0219i \u00eemprejurimile sale au de oferit. Cu o ma\u0219in\u0103 de \u00eenchiriat, ave\u021bi flexibilitatea de a explora cele mai frumoase plaje din apropiere, cum ar fi Plaja Curium, sau de a vizita situri istorice importante, cum ar fi Castelul Kolossi \u0219i ora\u0219ul vechi Limassol.<\/p>\n<p>Complexul St\u00e2ncile Albe din Limassol se remarc\u0103 prin arhitectura sa modern\u0103 \u0219i vederea panoramic\u0103 la Marea Mediteran\u0103, oferind o oaz\u0103 de relaxare \u0219i confort pentru tine \u0219i familia ta. Fiecare apartament este decorat elegant \u0219i complet echipat, asigur\u00e2nd un sejur pl\u0103cut \u0219i f\u0103r\u0103 griji.<\/p>\n<p>Pentru a v\u0103 maximiza experien\u021ba \u00een Cipru, \u00eenchiria\u021bi o ma\u0219in\u0103 direct de la Aeroportul Larnaca. Acest lucru v\u0103 va oferi libertatea de a ajunge rapid la destina\u021biile dorite \u0219i de a explora regiunea \u00een propriul ritm.<\/p>\n<p>Fie c\u0103 v\u0103 afla\u021bi \u00een Cipru pentru o vacan\u021b\u0103 relaxant\u0103 la plaj\u0103 sau pentru a explora bogatul s\u0103u patrimoniu cultural, st\u00e2ncile albe din Limassol \u0219i compania noastra de \u00eenchirieri auto asigur\u0103 c\u0103l\u0103toria perfect\u0103 c\u0103tre aceast\u0103 fermec\u0103toare insul\u0103 mediteranean\u0103.<\/p>","protected":false},"excerpt":{"rendered":"<p>If you are looking for an idyllic holiday destination in Cyprus, Limassol White Cliffs is the perfect choice. Located in the south of the island, this luxury apartment complex offers not only spectacular scenery, but also easy access to everything the island has to offer, provided you have the right means of transport. Renting a [&hellip;]<\/p>","protected":false},"author":3,"featured_media":14192,"comment_status":"open","ping_status":"open","sticky":false,"template":"","format":"standard","meta":{"footnotes":""},"categories":[22],"tags":[],"yoast_head":"<!-- This site is optimized with the Yoast SEO Premium plugin v22.1 (Yoast SEO v22.9) - https:\/\/yoast.com\/wordpress\/plugins\/seo\/ -->\n<title>\u00cenchirieri Auto cu Asigurare CASCO \u00een Chi\u0219in\u0103u \u0219i Moldova - Rezerv\u0103 la 0790 207 707<\/title>\n<meta name=\"description\" content=\"Descoper\u0103 \u00eenchirieri auto cu asigurare CASCO \u00een Chi\u0219in\u0103u \u0219i \u00een \u00eentreaga Moldova. Sun\u0103 acum la 0790 207 707 pentru a rezerva ma\u0219ina ta \u0219i ai parte de lini\u0219te \u00een c\u0103l\u0103torie,\ud83d\ude02\" \/>\n<meta name=\"robots\" content=\"index, follow, max-snippet:-1, max-image-preview:large, max-video-preview:-1\" \/>\n<link rel=\"canonical\" href=\"https:\/\/rentacarincyprus.com\/ro\/cu-masina-la-orhei\/\" \/>\n<meta property=\"og:locale\" content=\"ro_RO\" \/>\n<meta property=\"og:type\" content=\"article\" \/>\n<meta property=\"og:title\" content=\"Discover the beauty and comfort of the tourist spot &quot;Limassol White Cliffs&quot; - Complete guide to renting a car in Cyprus\" \/>\n<meta property=\"og:description\" content=\"Descoper\u0103 \u00eenchirieri auto cu asigurare CASCO \u00een Chi\u0219in\u0103u \u0219i \u00een \u00eentreaga Moldova. Sun\u0103 acum la 0790 207 707 pentru a rezerva ma\u0219ina ta \u0219i ai parte de lini\u0219te \u00een c\u0103l\u0103torie,\ud83d\ude02\" \/>\n<meta property=\"og:url\" content=\"https:\/\/rentacarincyprus.com\/ro\/cu-masina-la-orhei\/\" \/>\n<meta property=\"og:site_name\" content=\"CAR RENTAL LARNACA CYPRUS\" \/>\n<meta property=\"article:publisher\" content=\"https:\/\/www.facebook.com\/CarhireVeniceAirport\/\" \/>\n<meta property=\"article:published_time\" content=\"2024-03-04T12:07:00+00:00\" \/>\n<meta property=\"article:modified_time\" content=\"2024-06-20T12:19:05+00:00\" \/>\n<meta property=\"og:image\" content=\"https:\/\/rentacarincyprus.com\/wp-content\/uploads\/2024\/03\/0-02-05-f26dd45998867ff8e3048aec13d260f8f19a08d00e09efc74ed29aeb2d3cae08_12536f38ae22d7be.jpg\" \/>\n\t<meta property=\"og:image:width\" content=\"1600\" \/>\n\t<meta property=\"og:image:height\" content=\"900\" \/>\n\t<meta property=\"og:image:type\" content=\"image\/jpeg\" \/>\n<meta name=\"author\" content=\"editor\" \/>\n<meta name=\"twitter:card\" content=\"summary_large_image\" \/>\n<meta name=\"twitter:label1\" content=\"Scris de\" \/>\n\t<meta name=\"twitter:data1\" content=\"editor\" \/>\n\t<meta name=\"twitter:label2\" content=\"Timp estimat pentru citire\" \/>\n\t<meta name=\"twitter:data2\" content=\"2 minute\" \/>\n<script type=\"application\/ld+json\" class=\"yoast-schema-graph\">{\"@context\":\"https:\/\/schema.org\",\"@graph\":[{\"@type\":\"Article\",\"@id\":\"https:\/\/rentacarincyprus.com\/cu-masina-la-orhei\/#article\",\"isPartOf\":{\"@id\":\"https:\/\/rentacarincyprus.com\/cu-masina-la-orhei\/\"},\"author\":{\"name\":\"editor\",\"@id\":\"https:\/\/rentacarincyprus.com\/#\/schema\/person\/ecdac94f4032ec10df207bf9601ae391\"},\"headline\":\"Discover the beauty and comfort of the tourist spot &#8220;Limassol White Cliffs&#8221; &#8211; Complete guide to renting a car in Cyprus\",\"datePublished\":\"2024-03-04T12:07:00+00:00\",\"dateModified\":\"2024-06-20T12:19:05+00:00\",\"mainEntityOfPage\":{\"@id\":\"https:\/\/rentacarincyprus.com\/cu-masina-la-orhei\/\"},\"wordCount\":249,\"commentCount\":0,\"publisher\":{\"@id\":\"https:\/\/rentacarincyprus.com\/#organization\"},\"image\":{\"@id\":\"https:\/\/rentacarincyprus.com\/cu-masina-la-orhei\/#primaryimage\"},\"thumbnailUrl\":\"https:\/\/rentacarincyprus.com\/wp-content\/uploads\/2024\/03\/0-02-05-f26dd45998867ff8e3048aec13d260f8f19a08d00e09efc74ed29aeb2d3cae08_12536f38ae22d7be.jpg\",\"articleSection\":[\"Vacation and Leisure\"],\"inLanguage\":\"ro-RO\",\"potentialAction\":[{\"@type\":\"CommentAction\",\"name\":\"Comment\",\"target\":[\"https:\/\/rentacarincyprus.com\/cu-masina-la-orhei\/#respond\"]}]},{\"@type\":\"WebPage\",\"@id\":\"https:\/\/rentacarincyprus.com\/cu-masina-la-orhei\/\",\"url\":\"https:\/\/rentacarincyprus.com\/cu-masina-la-orhei\/\",\"name\":\"\u00cenchirieri Auto cu Asigurare CASCO \u00een Chi\u0219in\u0103u \u0219i Moldova - Rezerv\u0103 la 0790 207 707\",\"isPartOf\":{\"@id\":\"https:\/\/rentacarincyprus.com\/#website\"},\"primaryImageOfPage\":{\"@id\":\"https:\/\/rentacarincyprus.com\/cu-masina-la-orhei\/#primaryimage\"},\"image\":{\"@id\":\"https:\/\/rentacarincyprus.com\/cu-masina-la-orhei\/#primaryimage\"},\"thumbnailUrl\":\"https:\/\/rentacarincyprus.com\/wp-content\/uploads\/2024\/03\/0-02-05-f26dd45998867ff8e3048aec13d260f8f19a08d00e09efc74ed29aeb2d3cae08_12536f38ae22d7be.jpg\",\"datePublished\":\"2024-03-04T12:07:00+00:00\",\"dateModified\":\"2024-06-20T12:19:05+00:00\",\"description\":\"Descoper\u0103 \u00eenchirieri auto cu asigurare CASCO \u00een Chi\u0219in\u0103u \u0219i \u00een \u00eentreaga Moldova. Sun\u0103 acum la 0790 207 707 pentru a rezerva ma\u0219ina ta \u0219i ai parte de lini\u0219te \u00een c\u0103l\u0103torie,\ud83d\ude02\",\"breadcrumb\":{\"@id\":\"https:\/\/rentacarincyprus.com\/cu-masina-la-orhei\/#breadcrumb\"},\"inLanguage\":\"ro-RO\",\"potentialAction\":[{\"@type\":\"ReadAction\",\"target\":[\"https:\/\/rentacarincyprus.com\/cu-masina-la-orhei\/\"]}]},{\"@type\":\"ImageObject\",\"inLanguage\":\"ro-RO\",\"@id\":\"https:\/\/rentacarincyprus.com\/cu-masina-la-orhei\/#primaryimage\",\"url\":\"https:\/\/rentacarincyprus.com\/wp-content\/uploads\/2024\/03\/0-02-05-f26dd45998867ff8e3048aec13d260f8f19a08d00e09efc74ed29aeb2d3cae08_12536f38ae22d7be.jpg\",\"contentUrl\":\"https:\/\/rentacarincyprus.com\/wp-content\/uploads\/2024\/03\/0-02-05-f26dd45998867ff8e3048aec13d260f8f19a08d00e09efc74ed29aeb2d3cae08_12536f38ae22d7be.jpg\",\"width\":1600,\"height\":900},{\"@type\":\"BreadcrumbList\",\"@id\":\"https:\/\/rentacarincyprus.com\/cu-masina-la-orhei\/#breadcrumb\",\"itemListElement\":[{\"@type\":\"ListItem\",\"position\":1,\"name\":\"Home\",\"item\":\"https:\/\/rentacarincyprus.com\/\"},{\"@type\":\"ListItem\",\"position\":2,\"name\":\"Discover the beauty and comfort of the tourist spot &#8222;Limassol White Cliffs&#8221; &#8211; Complete guide to renting a car in Cyprus\"}]},{\"@type\":\"WebSite\",\"@id\":\"https:\/\/rentacarincyprus.com\/#website\",\"url\":\"https:\/\/rentacarincyprus.com\/\",\"name\":\"Rent a car airport Treviso Venezia\",\"description\":\"CAR RENTAL LARNACA CYPRUS\",\"publisher\":{\"@id\":\"https:\/\/rentacarincyprus.com\/#organization\"},\"potentialAction\":[{\"@type\":\"SearchAction\",\"target\":{\"@type\":\"EntryPoint\",\"urlTemplate\":\"https:\/\/rentacarincyprus.com\/?s={search_term_string}\"},\"query-input\":\"required name=search_term_string\"}],\"inLanguage\":\"ro-RO\"},{\"@type\":\"Organization\",\"@id\":\"https:\/\/rentacarincyprus.com\/#organization\",\"name\":\"Rent a carTreviso\",\"url\":\"https:\/\/rentacarincyprus.com\/\",\"logo\":{\"@type\":\"ImageObject\",\"inLanguage\":\"ro-RO\",\"@id\":\"https:\/\/rentacarincyprus.com\/#\/schema\/logo\/image\/\",\"url\":\"\",\"contentUrl\":\"\",\"caption\":\"Rent a carTreviso\"},\"image\":{\"@id\":\"https:\/\/rentacarincyprus.com\/#\/schema\/logo\/image\/\"},\"sameAs\":[\"https:\/\/www.facebook.com\/CarhireVeniceAirport\/\",\"https:\/\/www.instagram.com\/rent_a_car_venice_airport\/\"]},{\"@type\":\"Person\",\"@id\":\"https:\/\/rentacarincyprus.com\/#\/schema\/person\/ecdac94f4032ec10df207bf9601ae391\",\"name\":\"editor\",\"image\":{\"@type\":\"ImageObject\",\"inLanguage\":\"ro-RO\",\"@id\":\"https:\/\/rentacarincyprus.com\/#\/schema\/person\/image\/\",\"url\":\"https:\/\/secure.gravatar.com\/avatar\/99d10a8b37c5f863129a5b7be15b9aa2?s=96&d=mm&r=g\",\"contentUrl\":\"https:\/\/secure.gravatar.com\/avatar\/99d10a8b37c5f863129a5b7be15b9aa2?s=96&d=mm&r=g\",\"caption\":\"editor\"},\"url\":\"https:\/\/rentacarincyprus.com\/ro\/author\/editor\/\"}]}<\/script>\n<!-- \/ Yoast SEO Premium plugin. -->","yoast_head_json":{"title":"\u00cenchirieri Auto cu Asigurare CASCO \u00een Chi\u0219in\u0103u \u0219i Moldova - Rezerv\u0103 la 0790 207 707","description":"Descoper\u0103 \u00eenchirieri auto cu asigurare CASCO \u00een Chi\u0219in\u0103u \u0219i \u00een \u00eentreaga Moldova. Sun\u0103 acum la 0790 207 707 pentru a rezerva ma\u0219ina ta \u0219i ai parte de lini\u0219te \u00een c\u0103l\u0103torie,\ud83d\ude02","robots":{"index":"index","follow":"follow","max-snippet":"max-snippet:-1","max-image-preview":"max-image-preview:large","max-video-preview":"max-video-preview:-1"},"canonical":"https:\/\/rentacarincyprus.com\/ro\/cu-masina-la-orhei\/","og_locale":"ro_RO","og_type":"article","og_title":"Discover the beauty and comfort of the tourist spot \"Limassol White Cliffs\" - Complete guide to renting a car in Cyprus","og_description":"Descoper\u0103 \u00eenchirieri auto cu asigurare CASCO \u00een Chi\u0219in\u0103u \u0219i \u00een \u00eentreaga Moldova. Sun\u0103 acum la 0790 207 707 pentru a rezerva ma\u0219ina ta \u0219i ai parte de lini\u0219te \u00een c\u0103l\u0103torie,\ud83d\ude02","og_url":"https:\/\/rentacarincyprus.com\/ro\/cu-masina-la-orhei\/","og_site_name":"CAR RENTAL LARNACA CYPRUS","article_publisher":"https:\/\/www.facebook.com\/CarhireVeniceAirport\/","article_published_time":"2024-03-04T12:07:00+00:00","article_modified_time":"2024-06-20T12:19:05+00:00","og_image":[{"width":1600,"height":900,"url":"https:\/\/rentacarincyprus.com\/wp-content\/uploads\/2024\/03\/0-02-05-f26dd45998867ff8e3048aec13d260f8f19a08d00e09efc74ed29aeb2d3cae08_12536f38ae22d7be.jpg","type":"image\/jpeg"}],"author":"editor","twitter_card":"summary_large_image","twitter_misc":{"Scris de":"editor","Timp estimat pentru citire":"2 minute"},"schema":{"@context":"https:\/\/schema.org","@graph":[{"@type":"Article","@id":"https:\/\/rentacarincyprus.com\/cu-masina-la-orhei\/#article","isPartOf":{"@id":"https:\/\/rentacarincyprus.com\/cu-masina-la-orhei\/"},"author":{"name":"editor","@id":"https:\/\/rentacarincyprus.com\/#\/schema\/person\/ecdac94f4032ec10df207bf9601ae391"},"headline":"Discover the beauty and comfort of the tourist spot &#8220;Limassol White Cliffs&#8221; &#8211; Complete guide to renting a car in Cyprus","datePublished":"2024-03-04T12:07:00+00:00","dateModified":"2024-06-20T12:19:05+00:00","mainEntityOfPage":{"@id":"https:\/\/rentacarincyprus.com\/cu-masina-la-orhei\/"},"wordCount":249,"commentCount":0,"publisher":{"@id":"https:\/\/rentacarincyprus.com\/#organization"},"image":{"@id":"https:\/\/rentacarincyprus.com\/cu-masina-la-orhei\/#primaryimage"},"thumbnailUrl":"https:\/\/rentacarincyprus.com\/wp-content\/uploads\/2024\/03\/0-02-05-f26dd45998867ff8e3048aec13d260f8f19a08d00e09efc74ed29aeb2d3cae08_12536f38ae22d7be.jpg","articleSection":["Vacation and Leisure"],"inLanguage":"ro-RO","potentialAction":[{"@type":"CommentAction","name":"Comment","target":["https:\/\/rentacarincyprus.com\/cu-masina-la-orhei\/#respond"]}]},{"@type":"WebPage","@id":"https:\/\/rentacarincyprus.com\/cu-masina-la-orhei\/","url":"https:\/\/rentacarincyprus.com\/cu-masina-la-orhei\/","name":"\u00cenchirieri Auto cu Asigurare CASCO \u00een Chi\u0219in\u0103u \u0219i Moldova - Rezerv\u0103 la 0790 207 707","isPartOf":{"@id":"https:\/\/rentacarincyprus.com\/#website"},"primaryImageOfPage":{"@id":"https:\/\/rentacarincyprus.com\/cu-masina-la-orhei\/#primaryimage"},"image":{"@id":"https:\/\/rentacarincyprus.com\/cu-masina-la-orhei\/#primaryimage"},"thumbnailUrl":"https:\/\/rentacarincyprus.com\/wp-content\/uploads\/2024\/03\/0-02-05-f26dd45998867ff8e3048aec13d260f8f19a08d00e09efc74ed29aeb2d3cae08_12536f38ae22d7be.jpg","datePublished":"2024-03-04T12:07:00+00:00","dateModified":"2024-06-20T12:19:05+00:00","description":"Descoper\u0103 \u00eenchirieri auto cu asigurare CASCO \u00een Chi\u0219in\u0103u \u0219i \u00een \u00eentreaga Moldova. Sun\u0103 acum la 0790 207 707 pentru a rezerva ma\u0219ina ta \u0219i ai parte de lini\u0219te \u00een c\u0103l\u0103torie,\ud83d\ude02","breadcrumb":{"@id":"https:\/\/rentacarincyprus.com\/cu-masina-la-orhei\/#breadcrumb"},"inLanguage":"ro-RO","potentialAction":[{"@type":"ReadAction","target":["https:\/\/rentacarincyprus.com\/cu-masina-la-orhei\/"]}]},{"@type":"ImageObject","inLanguage":"ro-RO","@id":"https:\/\/rentacarincyprus.com\/cu-masina-la-orhei\/#primaryimage","url":"https:\/\/rentacarincyprus.com\/wp-content\/uploads\/2024\/03\/0-02-05-f26dd45998867ff8e3048aec13d260f8f19a08d00e09efc74ed29aeb2d3cae08_12536f38ae22d7be.jpg","contentUrl":"https:\/\/rentacarincyprus.com\/wp-content\/uploads\/2024\/03\/0-02-05-f26dd45998867ff8e3048aec13d260f8f19a08d00e09efc74ed29aeb2d3cae08_12536f38ae22d7be.jpg","width":1600,"height":900},{"@type":"BreadcrumbList","@id":"https:\/\/rentacarincyprus.com\/cu-masina-la-orhei\/#breadcrumb","itemListElement":[{"@type":"ListItem","position":1,"name":"Home","item":"https:\/\/rentacarincyprus.com\/"},{"@type":"ListItem","position":2,"name":"Discover the beauty and comfort of the tourist spot &#8222;Limassol White Cliffs&#8221; &#8211; Complete guide to renting a car in Cyprus"}]},{"@type":"WebSite","@id":"https:\/\/rentacarincyprus.com\/#website","url":"https:\/\/rentacarincyprus.com\/","name":"Rent a car airport Treviso Venezia","description":"CAR RENTAL LARNACA CYPRUS","publisher":{"@id":"https:\/\/rentacarincyprus.com\/#organization"},"potentialAction":[{"@type":"SearchAction","target":{"@type":"EntryPoint","urlTemplate":"https:\/\/rentacarincyprus.com\/?s={search_term_string}"},"query-input":"required name=search_term_string"}],"inLanguage":"ro-RO"},{"@type":"Organization","@id":"https:\/\/rentacarincyprus.com\/#organization","name":"Rent a carTreviso","url":"https:\/\/rentacarincyprus.com\/","logo":{"@type":"ImageObject","inLanguage":"ro-RO","@id":"https:\/\/rentacarincyprus.com\/#\/schema\/logo\/image\/","url":"","contentUrl":"","caption":"Rent a carTreviso"},"image":{"@id":"https:\/\/rentacarincyprus.com\/#\/schema\/logo\/image\/"},"sameAs":["https:\/\/www.facebook.com\/CarhireVeniceAirport\/","https:\/\/www.instagram.com\/rent_a_car_venice_airport\/"]},{"@type":"Person","@id":"https:\/\/rentacarincyprus.com\/#\/schema\/person\/ecdac94f4032ec10df207bf9601ae391","name":"editor","image":{"@type":"ImageObject","inLanguage":"ro-RO","@id":"https:\/\/rentacarincyprus.com\/#\/schema\/person\/image\/","url":"https:\/\/secure.gravatar.com\/avatar\/99d10a8b37c5f863129a5b7be15b9aa2?s=96&d=mm&r=g","contentUrl":"https:\/\/secure.gravatar.com\/avatar\/99d10a8b37c5f863129a5b7be15b9aa2?s=96&d=mm&r=g","caption":"editor"},"url":"https:\/\/rentacarincyprus.com\/ro\/author\/editor\/"}]}},"_links":{"self":[{"href":"https:\/\/rentacarincyprus.com\/ro\/wp-json\/wp\/v2\/posts\/938"}],"collection":[{"href":"https:\/\/rentacarincyprus.com\/ro\/wp-json\/wp\/v2\/posts"}],"about":[{"href":"https:\/\/rentacarincyprus.com\/ro\/wp-json\/wp\/v2\/types\/post"}],"author":[{"embeddable":true,"href":"https:\/\/rentacarincyprus.com\/ro\/wp-json\/wp\/v2\/users\/3"}],"replies":[{"embeddable":true,"href":"https:\/\/rentacarincyprus.com\/ro\/wp-json\/wp\/v2\/comments?post=938"}],"version-history":[{"count":47,"href":"https:\/\/rentacarincyprus.com\/ro\/wp-json\/wp\/v2\/posts\/938\/revisions"}],"predecessor-version":[{"id":14212,"href":"https:\/\/rentacarincyprus.com\/ro\/wp-json\/wp\/v2\/posts\/938\/revisions\/14212"}],"wp:featuredmedia":[{"embeddable":true,"href":"https:\/\/rentacarincyprus.com\/ro\/wp-json\/wp\/v2\/media\/14192"}],"wp:attachment":[{"href":"https:\/\/rentacarincyprus.com\/ro\/wp-json\/wp\/v2\/media?parent=938"}],"wp:term":[{"taxonomy":"category","embeddable":true,"href":"https:\/\/rentacarincyprus.com\/ro\/wp-json\/wp\/v2\/categories?post=938"},{"taxonomy":"post_tag","embeddable":true,"href":"https:\/\/rentacarincyprus.com\/ro\/wp-json\/wp\/v2\/tags?post=938"}],"curies":[{"name":"wp","href":"https:\/\/api.w.org\/{rel}","templated":true}]}}