{"id":949,"date":"2024-03-04T12:01:00","date_gmt":"2024-03-04T12:01:00","guid":{"rendered":"http:\/\/demo.redq.io\/turbo-wp\/car\/?p=949"},"modified":"2024-06-20T13:29:19","modified_gmt":"2024-06-20T13:29:19","slug":"chirie-auto-999","status":"publish","type":"post","link":"https:\/\/rentacarincyprus.com\/ro\/chirie-auto-999\/","title":{"rendered":"Vizita\u021bi frumoasa loca\u021bie Mys Greko (Ayia-Napa) cu auto ieftin in chirie \u00een Cipru"},"content":{"rendered":"<p>C\u00e2nd te g\u00e2nde\u0219ti la vacan\u021ba perfect\u0103 \u00een Cipru, combin\u00e2nd aventura cu confortul, Mys Greko (Ayia-Napa) se remarc\u0103 ca o destina\u021bie idilic\u0103. Situat \u00een partea de sud-est a insulei, acest promontoriu st\u00e2ncos ofer\u0103 nu numai o vedere impresionant\u0103 asupra M\u0103rii Mediterane, ci \u0219i o oportunitate perfect\u0103 de a explora cu o ma\u0219in\u0103 \u00een chirie toate comorile naturale \u0219i culturale ale regiunii.<\/p>\n<h4>Descopera Mys Greko (Ayia-Napa)<\/h4>\n<p>Mys Greko, cunoscut \u0219i sub numele de Cape Greco, este renumit pentru peisajele sale dramatice \u0219i plajele pitore\u0219ti. Pentru cei care doresc s\u0103 evite aglomera\u021bia \u0219i s\u0103 se bucure de lini\u0219tea naturii, acest loc este o oaz\u0103 de lini\u0219te. Cu o ma\u0219in\u0103 in chirie, pute\u021bi ajunge cu u\u0219urin\u021b\u0103 la Mys Greko din ora\u0219ele din apropiere, cum ar fi Ayia-Napa \u0219i Protaras, oferindu-v\u0103 libertatea de a explora \u00een propriul ritm.<\/p>\n<h4>Avantajele \u00eenchirierii unei ma\u0219ini \u00een Cipru<\/h4>\n<p>\u00cen Cipru, arenda unei ma\u0219ini nu este doar convenabil\u0103, ci \u0219i esen\u021bial\u0103 pentru a v\u0103 bucura pe deplin de toate atrac\u021biile locale. De la Mys Greko, pute\u021bi porni \u00eentr-o aventur\u0103 c\u0103tre plaje ascunse, st\u00e2nci de calcar \u0219i puncte de observare panoramic\u0103 care ofer\u0103 vederi spectaculoase ale M\u0103rii Mediterane. \u00cen plus, ma\u0219ina v\u0103 permite s\u0103 explora\u021bi \u0219i alte destina\u021bii din apropiere, precum ruinele antice sau satele tradi\u021bionale, toate \u00eentr-o excursie de o zi.<\/p>\n<h4>Cum s\u0103 \u00eenchiriez o ma\u0219in\u0103 \u00een Cipru<\/h4>\n<p>\u00cenchirierea unei ma\u0219ini \u00een Cipru este un proces simplu \u0219i accesibil. O gam\u0103 larg\u0103 de companii de \u00eenchirieri auto ofer\u0103 diverse op\u021biuni, de la ma\u0219ini compacte \u0219i economice p\u00e2n\u0103 la SUV-uri robuste, adaptate nevoilor \u0219i preferin\u021belor dumneavoastr\u0103. Majoritatea serviciilor de \u00eenchiriere auto permit rezervarea online \u00een avans, asigur\u00e2ndu-se c\u0103 ma\u0219ina dorit\u0103 este disponibil\u0103 la sosirea dumneavoastr\u0103.<\/p>\n<h4>Sfaturi pentru o experien\u021b\u0103 pl\u0103cut\u0103<\/h4>\n<p>Pentru a v\u0103 bucura de Mys Greko \u0219i de restul Ciprului \u00eentr-un mod sigur \u0219i pl\u0103cut, asigura\u021bi-v\u0103 c\u0103 respecta\u021bi regulile locale de circula\u021bie \u0219i ave\u021bi asigurarea auto necesar\u0103. De asemenea, planifica\u021bi-v\u0103 c\u0103l\u0103toriile \u00een func\u021bie de prognoza meteo pentru a profita la maximum de fiecare zi din vacan\u021b\u0103.<\/p>\n<p>Explorarea Mys Greko (Ayia-Napa) cu o ma\u0219in\u0103 in arenda \u00een Cipru nu este doar o c\u0103l\u0103torie, ci o aventur\u0103 de neuitat. Fie c\u0103 dori\u021bi s\u0103 v\u0103 relaxa\u021bi pe plaj\u0103 sau s\u0103 explora\u021bi natura s\u0103lbatic\u0103, aceast\u0103 destina\u021bie v\u0103 va \u00eenc\u00e2nta cu frumuse\u021bea ei natural\u0103 \u0219i cu posibilit\u0103\u021bile nesf\u00e2r\u0219ite de descoperire.<\/p>","protected":false},"excerpt":{"rendered":"<p>When you think of the perfect holiday in Cyprus, combining adventure with comfort, Mys Greko (Ayia-Napa) stands out as an idyllic destination. Located in the southeastern part of the island, this rocky promontory offers not only an impressive view of the Mediterranean Sea, but also a perfect opportunity to explore with a rental car all [&hellip;]<\/p>","protected":false},"author":3,"featured_media":14205,"comment_status":"open","ping_status":"open","sticky":false,"template":"","format":"standard","meta":{"footnotes":""},"categories":[22],"tags":[],"yoast_head":"<!-- This site is optimized with the Yoast SEO Premium plugin v22.1 (Yoast SEO v22.9) - https:\/\/yoast.com\/wordpress\/plugins\/seo\/ -->\n<title>Servicii de \u00cenchirieri Auto \u00een Chi\u0219in\u0103u - F\u0103r\u0103 Taxe Ascunse la RMO<\/title>\n<meta name=\"description\" content=\"La Chisinau, ne m\u00e2ndrim cu serviciile noastre transparente de \u00eenchirieri auto \u00een Chi\u0219in\u0103u. F\u0103r\u0103 taxe ascunse sau costuri nea\u0219teptate. Rezerv\u0103 acum \u0219i beneficiezi de \u00eencredere \u0219i transparen\u021b\u0103 \u00een fiecare tranzac\u021bie\" \/>\n<meta name=\"robots\" content=\"index, follow, max-snippet:-1, max-image-preview:large, max-video-preview:-1\" \/>\n<link rel=\"canonical\" href=\"https:\/\/rentacarincyprus.com\/ro\/chirie-auto-999\/\" \/>\n<meta property=\"og:locale\" content=\"ro_RO\" \/>\n<meta property=\"og:type\" content=\"article\" \/>\n<meta property=\"og:title\" content=\"Visit the beautiful location of Mys Greko (Ayia-Napa) with a Car Rental in Cyprus\" \/>\n<meta property=\"og:description\" content=\"La Chisinau, ne m\u00e2ndrim cu serviciile noastre transparente de \u00eenchirieri auto \u00een Chi\u0219in\u0103u. F\u0103r\u0103 taxe ascunse sau costuri nea\u0219teptate. Rezerv\u0103 acum \u0219i beneficiezi de \u00eencredere \u0219i transparen\u021b\u0103 \u00een fiecare tranzac\u021bie\" \/>\n<meta property=\"og:url\" content=\"https:\/\/rentacarincyprus.com\/ro\/chirie-auto-999\/\" \/>\n<meta property=\"og:site_name\" content=\"CAR RENTAL LARNACA CYPRUS\" \/>\n<meta property=\"article:publisher\" content=\"https:\/\/www.facebook.com\/CarhireVeniceAirport\/\" \/>\n<meta property=\"article:published_time\" content=\"2024-03-04T12:01:00+00:00\" \/>\n<meta property=\"article:modified_time\" content=\"2024-06-20T13:29:19+00:00\" \/>\n<meta property=\"og:image\" content=\"https:\/\/rentacarincyprus.com\/wp-content\/uploads\/2024\/03\/0-02-05-0fef81b4dbd8b65e6428a94530fe27d22169b06530766584f76ec562ba19f69d_5b2edc2c12e1ede7.jpg\" \/>\n\t<meta property=\"og:image:width\" content=\"1600\" \/>\n\t<meta property=\"og:image:height\" content=\"800\" \/>\n\t<meta property=\"og:image:type\" content=\"image\/jpeg\" \/>\n<meta name=\"author\" content=\"editor\" \/>\n<meta name=\"twitter:card\" content=\"summary_large_image\" \/>\n<meta name=\"twitter:label1\" content=\"Scris de\" \/>\n\t<meta name=\"twitter:data1\" content=\"editor\" \/>\n\t<meta name=\"twitter:label2\" content=\"Timp estimat pentru citire\" \/>\n\t<meta name=\"twitter:data2\" content=\"3 minute\" \/>\n<script type=\"application\/ld+json\" class=\"yoast-schema-graph\">{\"@context\":\"https:\/\/schema.org\",\"@graph\":[{\"@type\":\"Article\",\"@id\":\"https:\/\/rentacarincyprus.com\/chirie-auto-999\/#article\",\"isPartOf\":{\"@id\":\"https:\/\/rentacarincyprus.com\/chirie-auto-999\/\"},\"author\":{\"name\":\"editor\",\"@id\":\"https:\/\/rentacarincyprus.com\/#\/schema\/person\/ecdac94f4032ec10df207bf9601ae391\"},\"headline\":\"Visit the beautiful location of Mys Greko (Ayia-Napa) with a Car Rental in Cyprus\",\"datePublished\":\"2024-03-04T12:01:00+00:00\",\"dateModified\":\"2024-06-20T13:29:19+00:00\",\"mainEntityOfPage\":{\"@id\":\"https:\/\/rentacarincyprus.com\/chirie-auto-999\/\"},\"wordCount\":381,\"commentCount\":0,\"publisher\":{\"@id\":\"https:\/\/rentacarincyprus.com\/#organization\"},\"image\":{\"@id\":\"https:\/\/rentacarincyprus.com\/chirie-auto-999\/#primaryimage\"},\"thumbnailUrl\":\"https:\/\/rentacarincyprus.com\/wp-content\/uploads\/2024\/03\/0-02-05-0fef81b4dbd8b65e6428a94530fe27d22169b06530766584f76ec562ba19f69d_5b2edc2c12e1ede7.jpg\",\"articleSection\":[\"Vacation and Leisure\"],\"inLanguage\":\"ro-RO\",\"potentialAction\":[{\"@type\":\"CommentAction\",\"name\":\"Comment\",\"target\":[\"https:\/\/rentacarincyprus.com\/chirie-auto-999\/#respond\"]}]},{\"@type\":\"WebPage\",\"@id\":\"https:\/\/rentacarincyprus.com\/chirie-auto-999\/\",\"url\":\"https:\/\/rentacarincyprus.com\/chirie-auto-999\/\",\"name\":\"Servicii de \u00cenchirieri Auto \u00een Chi\u0219in\u0103u - F\u0103r\u0103 Taxe Ascunse la RMO\",\"isPartOf\":{\"@id\":\"https:\/\/rentacarincyprus.com\/#website\"},\"primaryImageOfPage\":{\"@id\":\"https:\/\/rentacarincyprus.com\/chirie-auto-999\/#primaryimage\"},\"image\":{\"@id\":\"https:\/\/rentacarincyprus.com\/chirie-auto-999\/#primaryimage\"},\"thumbnailUrl\":\"https:\/\/rentacarincyprus.com\/wp-content\/uploads\/2024\/03\/0-02-05-0fef81b4dbd8b65e6428a94530fe27d22169b06530766584f76ec562ba19f69d_5b2edc2c12e1ede7.jpg\",\"datePublished\":\"2024-03-04T12:01:00+00:00\",\"dateModified\":\"2024-06-20T13:29:19+00:00\",\"description\":\"La Chisinau, ne m\u00e2ndrim cu serviciile noastre transparente de \u00eenchirieri auto \u00een Chi\u0219in\u0103u. F\u0103r\u0103 taxe ascunse sau costuri nea\u0219teptate. Rezerv\u0103 acum \u0219i beneficiezi de \u00eencredere \u0219i transparen\u021b\u0103 \u00een fiecare tranzac\u021bie\",\"breadcrumb\":{\"@id\":\"https:\/\/rentacarincyprus.com\/chirie-auto-999\/#breadcrumb\"},\"inLanguage\":\"ro-RO\",\"potentialAction\":[{\"@type\":\"ReadAction\",\"target\":[\"https:\/\/rentacarincyprus.com\/chirie-auto-999\/\"]}]},{\"@type\":\"ImageObject\",\"inLanguage\":\"ro-RO\",\"@id\":\"https:\/\/rentacarincyprus.com\/chirie-auto-999\/#primaryimage\",\"url\":\"https:\/\/rentacarincyprus.com\/wp-content\/uploads\/2024\/03\/0-02-05-0fef81b4dbd8b65e6428a94530fe27d22169b06530766584f76ec562ba19f69d_5b2edc2c12e1ede7.jpg\",\"contentUrl\":\"https:\/\/rentacarincyprus.com\/wp-content\/uploads\/2024\/03\/0-02-05-0fef81b4dbd8b65e6428a94530fe27d22169b06530766584f76ec562ba19f69d_5b2edc2c12e1ede7.jpg\",\"width\":1600,\"height\":800},{\"@type\":\"BreadcrumbList\",\"@id\":\"https:\/\/rentacarincyprus.com\/chirie-auto-999\/#breadcrumb\",\"itemListElement\":[{\"@type\":\"ListItem\",\"position\":1,\"name\":\"Home\",\"item\":\"https:\/\/rentacarincyprus.com\/\"},{\"@type\":\"ListItem\",\"position\":2,\"name\":\"Visit the beautiful location of Mys Greko (Ayia-Napa) with a Car Rental in Cyprus\"}]},{\"@type\":\"WebSite\",\"@id\":\"https:\/\/rentacarincyprus.com\/#website\",\"url\":\"https:\/\/rentacarincyprus.com\/\",\"name\":\"Rent a car airport Treviso Venezia\",\"description\":\"CAR RENTAL LARNACA CYPRUS\",\"publisher\":{\"@id\":\"https:\/\/rentacarincyprus.com\/#organization\"},\"potentialAction\":[{\"@type\":\"SearchAction\",\"target\":{\"@type\":\"EntryPoint\",\"urlTemplate\":\"https:\/\/rentacarincyprus.com\/?s={search_term_string}\"},\"query-input\":\"required name=search_term_string\"}],\"inLanguage\":\"ro-RO\"},{\"@type\":\"Organization\",\"@id\":\"https:\/\/rentacarincyprus.com\/#organization\",\"name\":\"Rent a carTreviso\",\"url\":\"https:\/\/rentacarincyprus.com\/\",\"logo\":{\"@type\":\"ImageObject\",\"inLanguage\":\"ro-RO\",\"@id\":\"https:\/\/rentacarincyprus.com\/#\/schema\/logo\/image\/\",\"url\":\"\",\"contentUrl\":\"\",\"caption\":\"Rent a carTreviso\"},\"image\":{\"@id\":\"https:\/\/rentacarincyprus.com\/#\/schema\/logo\/image\/\"},\"sameAs\":[\"https:\/\/www.facebook.com\/CarhireVeniceAirport\/\",\"https:\/\/www.instagram.com\/rent_a_car_venice_airport\/\"]},{\"@type\":\"Person\",\"@id\":\"https:\/\/rentacarincyprus.com\/#\/schema\/person\/ecdac94f4032ec10df207bf9601ae391\",\"name\":\"editor\",\"image\":{\"@type\":\"ImageObject\",\"inLanguage\":\"ro-RO\",\"@id\":\"https:\/\/rentacarincyprus.com\/#\/schema\/person\/image\/\",\"url\":\"https:\/\/secure.gravatar.com\/avatar\/99d10a8b37c5f863129a5b7be15b9aa2?s=96&d=mm&r=g\",\"contentUrl\":\"https:\/\/secure.gravatar.com\/avatar\/99d10a8b37c5f863129a5b7be15b9aa2?s=96&d=mm&r=g\",\"caption\":\"editor\"},\"url\":\"https:\/\/rentacarincyprus.com\/ro\/author\/editor\/\"}]}<\/script>\n<!-- \/ Yoast SEO Premium plugin. -->","yoast_head_json":{"title":"Servicii de \u00cenchirieri Auto \u00een Chi\u0219in\u0103u - F\u0103r\u0103 Taxe Ascunse la RMO","description":"La Chisinau, ne m\u00e2ndrim cu serviciile noastre transparente de \u00eenchirieri auto \u00een Chi\u0219in\u0103u. F\u0103r\u0103 taxe ascunse sau costuri nea\u0219teptate. Rezerv\u0103 acum \u0219i beneficiezi de \u00eencredere \u0219i transparen\u021b\u0103 \u00een fiecare tranzac\u021bie","robots":{"index":"index","follow":"follow","max-snippet":"max-snippet:-1","max-image-preview":"max-image-preview:large","max-video-preview":"max-video-preview:-1"},"canonical":"https:\/\/rentacarincyprus.com\/ro\/chirie-auto-999\/","og_locale":"ro_RO","og_type":"article","og_title":"Visit the beautiful location of Mys Greko (Ayia-Napa) with a Car Rental in Cyprus","og_description":"La Chisinau, ne m\u00e2ndrim cu serviciile noastre transparente de \u00eenchirieri auto \u00een Chi\u0219in\u0103u. F\u0103r\u0103 taxe ascunse sau costuri nea\u0219teptate. Rezerv\u0103 acum \u0219i beneficiezi de \u00eencredere \u0219i transparen\u021b\u0103 \u00een fiecare tranzac\u021bie","og_url":"https:\/\/rentacarincyprus.com\/ro\/chirie-auto-999\/","og_site_name":"CAR RENTAL LARNACA CYPRUS","article_publisher":"https:\/\/www.facebook.com\/CarhireVeniceAirport\/","article_published_time":"2024-03-04T12:01:00+00:00","article_modified_time":"2024-06-20T13:29:19+00:00","og_image":[{"width":1600,"height":800,"url":"https:\/\/rentacarincyprus.com\/wp-content\/uploads\/2024\/03\/0-02-05-0fef81b4dbd8b65e6428a94530fe27d22169b06530766584f76ec562ba19f69d_5b2edc2c12e1ede7.jpg","type":"image\/jpeg"}],"author":"editor","twitter_card":"summary_large_image","twitter_misc":{"Scris de":"editor","Timp estimat pentru citire":"3 minute"},"schema":{"@context":"https:\/\/schema.org","@graph":[{"@type":"Article","@id":"https:\/\/rentacarincyprus.com\/chirie-auto-999\/#article","isPartOf":{"@id":"https:\/\/rentacarincyprus.com\/chirie-auto-999\/"},"author":{"name":"editor","@id":"https:\/\/rentacarincyprus.com\/#\/schema\/person\/ecdac94f4032ec10df207bf9601ae391"},"headline":"Visit the beautiful location of Mys Greko (Ayia-Napa) with a Car Rental in Cyprus","datePublished":"2024-03-04T12:01:00+00:00","dateModified":"2024-06-20T13:29:19+00:00","mainEntityOfPage":{"@id":"https:\/\/rentacarincyprus.com\/chirie-auto-999\/"},"wordCount":381,"commentCount":0,"publisher":{"@id":"https:\/\/rentacarincyprus.com\/#organization"},"image":{"@id":"https:\/\/rentacarincyprus.com\/chirie-auto-999\/#primaryimage"},"thumbnailUrl":"https:\/\/rentacarincyprus.com\/wp-content\/uploads\/2024\/03\/0-02-05-0fef81b4dbd8b65e6428a94530fe27d22169b06530766584f76ec562ba19f69d_5b2edc2c12e1ede7.jpg","articleSection":["Vacation and Leisure"],"inLanguage":"ro-RO","potentialAction":[{"@type":"CommentAction","name":"Comment","target":["https:\/\/rentacarincyprus.com\/chirie-auto-999\/#respond"]}]},{"@type":"WebPage","@id":"https:\/\/rentacarincyprus.com\/chirie-auto-999\/","url":"https:\/\/rentacarincyprus.com\/chirie-auto-999\/","name":"Servicii de \u00cenchirieri Auto \u00een Chi\u0219in\u0103u - F\u0103r\u0103 Taxe Ascunse la RMO","isPartOf":{"@id":"https:\/\/rentacarincyprus.com\/#website"},"primaryImageOfPage":{"@id":"https:\/\/rentacarincyprus.com\/chirie-auto-999\/#primaryimage"},"image":{"@id":"https:\/\/rentacarincyprus.com\/chirie-auto-999\/#primaryimage"},"thumbnailUrl":"https:\/\/rentacarincyprus.com\/wp-content\/uploads\/2024\/03\/0-02-05-0fef81b4dbd8b65e6428a94530fe27d22169b06530766584f76ec562ba19f69d_5b2edc2c12e1ede7.jpg","datePublished":"2024-03-04T12:01:00+00:00","dateModified":"2024-06-20T13:29:19+00:00","description":"La Chisinau, ne m\u00e2ndrim cu serviciile noastre transparente de \u00eenchirieri auto \u00een Chi\u0219in\u0103u. F\u0103r\u0103 taxe ascunse sau costuri nea\u0219teptate. Rezerv\u0103 acum \u0219i beneficiezi de \u00eencredere \u0219i transparen\u021b\u0103 \u00een fiecare tranzac\u021bie","breadcrumb":{"@id":"https:\/\/rentacarincyprus.com\/chirie-auto-999\/#breadcrumb"},"inLanguage":"ro-RO","potentialAction":[{"@type":"ReadAction","target":["https:\/\/rentacarincyprus.com\/chirie-auto-999\/"]}]},{"@type":"ImageObject","inLanguage":"ro-RO","@id":"https:\/\/rentacarincyprus.com\/chirie-auto-999\/#primaryimage","url":"https:\/\/rentacarincyprus.com\/wp-content\/uploads\/2024\/03\/0-02-05-0fef81b4dbd8b65e6428a94530fe27d22169b06530766584f76ec562ba19f69d_5b2edc2c12e1ede7.jpg","contentUrl":"https:\/\/rentacarincyprus.com\/wp-content\/uploads\/2024\/03\/0-02-05-0fef81b4dbd8b65e6428a94530fe27d22169b06530766584f76ec562ba19f69d_5b2edc2c12e1ede7.jpg","width":1600,"height":800},{"@type":"BreadcrumbList","@id":"https:\/\/rentacarincyprus.com\/chirie-auto-999\/#breadcrumb","itemListElement":[{"@type":"ListItem","position":1,"name":"Home","item":"https:\/\/rentacarincyprus.com\/"},{"@type":"ListItem","position":2,"name":"Visit the beautiful location of Mys Greko (Ayia-Napa) with a Car Rental in Cyprus"}]},{"@type":"WebSite","@id":"https:\/\/rentacarincyprus.com\/#website","url":"https:\/\/rentacarincyprus.com\/","name":"Rent a car airport Treviso Venezia","description":"CAR RENTAL LARNACA CYPRUS","publisher":{"@id":"https:\/\/rentacarincyprus.com\/#organization"},"potentialAction":[{"@type":"SearchAction","target":{"@type":"EntryPoint","urlTemplate":"https:\/\/rentacarincyprus.com\/?s={search_term_string}"},"query-input":"required name=search_term_string"}],"inLanguage":"ro-RO"},{"@type":"Organization","@id":"https:\/\/rentacarincyprus.com\/#organization","name":"Rent a carTreviso","url":"https:\/\/rentacarincyprus.com\/","logo":{"@type":"ImageObject","inLanguage":"ro-RO","@id":"https:\/\/rentacarincyprus.com\/#\/schema\/logo\/image\/","url":"","contentUrl":"","caption":"Rent a carTreviso"},"image":{"@id":"https:\/\/rentacarincyprus.com\/#\/schema\/logo\/image\/"},"sameAs":["https:\/\/www.facebook.com\/CarhireVeniceAirport\/","https:\/\/www.instagram.com\/rent_a_car_venice_airport\/"]},{"@type":"Person","@id":"https:\/\/rentacarincyprus.com\/#\/schema\/person\/ecdac94f4032ec10df207bf9601ae391","name":"editor","image":{"@type":"ImageObject","inLanguage":"ro-RO","@id":"https:\/\/rentacarincyprus.com\/#\/schema\/person\/image\/","url":"https:\/\/secure.gravatar.com\/avatar\/99d10a8b37c5f863129a5b7be15b9aa2?s=96&d=mm&r=g","contentUrl":"https:\/\/secure.gravatar.com\/avatar\/99d10a8b37c5f863129a5b7be15b9aa2?s=96&d=mm&r=g","caption":"editor"},"url":"https:\/\/rentacarincyprus.com\/ro\/author\/editor\/"}]}},"_links":{"self":[{"href":"https:\/\/rentacarincyprus.com\/ro\/wp-json\/wp\/v2\/posts\/949"}],"collection":[{"href":"https:\/\/rentacarincyprus.com\/ro\/wp-json\/wp\/v2\/posts"}],"about":[{"href":"https:\/\/rentacarincyprus.com\/ro\/wp-json\/wp\/v2\/types\/post"}],"author":[{"embeddable":true,"href":"https:\/\/rentacarincyprus.com\/ro\/wp-json\/wp\/v2\/users\/3"}],"replies":[{"embeddable":true,"href":"https:\/\/rentacarincyprus.com\/ro\/wp-json\/wp\/v2\/comments?post=949"}],"version-history":[{"count":44,"href":"https:\/\/rentacarincyprus.com\/ro\/wp-json\/wp\/v2\/posts\/949\/revisions"}],"predecessor-version":[{"id":14220,"href":"https:\/\/rentacarincyprus.com\/ro\/wp-json\/wp\/v2\/posts\/949\/revisions\/14220"}],"wp:featuredmedia":[{"embeddable":true,"href":"https:\/\/rentacarincyprus.com\/ro\/wp-json\/wp\/v2\/media\/14205"}],"wp:attachment":[{"href":"https:\/\/rentacarincyprus.com\/ro\/wp-json\/wp\/v2\/media?parent=949"}],"wp:term":[{"taxonomy":"category","embeddable":true,"href":"https:\/\/rentacarincyprus.com\/ro\/wp-json\/wp\/v2\/categories?post=949"},{"taxonomy":"post_tag","embeddable":true,"href":"https:\/\/rentacarincyprus.com\/ro\/wp-json\/wp\/v2\/tags?post=949"}],"curies":[{"name":"wp","href":"https:\/\/api.w.org\/{rel}","templated":true}]}}